{
    "id": 5716,
    "date": "2023-09-28T12:18:54",
    "date_gmt": "2023-09-28T09:18:54",
    "guid": {
        "rendered": "https:\/\/visitoulu.fi\/?p=5716"
    },
    "modified": "2023-09-28T12:22:36",
    "modified_gmt": "2023-09-28T09:22:36",
    "slug": "syksyn-majoitustarjoukset-ouluun-jopa-15-syyslomaoista",
    "status": "publish",
    "type": "post",
    "link": "https:\/\/visitoulufi-2025-10-14_10_27_17.test.cchosting.fi\/fi\/syksyn-majoitustarjoukset-ouluun-jopa-15-syyslomaoista\/",
    "title": {
        "rendered": "Syksyn majoitustarjoukset Ouluun: jopa -15% syysloma\u00f6ist\u00e4!"
    },
    "content": {
        "rendered": "<p>Ruska-aika alkaa olla Pohjois-Suomessa parhaimmillaan, ja syyslomatkin kolkuttelevat jo ihan oven takana. Syksyinen Oulu hemmottelee niin luonnon kuin kulttuurin yst\u00e4vi\u00e4: kaupunki l\u00e4hiluontokohteineen on t\u00e4ynn\u00e4 erilaisia aktiviteetteja maastopy\u00f6r\u00e4ilyst\u00e4 melontaan, taidetta ja kulttuuritapahtumia sek\u00e4 tietysti tekemist\u00e4 lapsille! Syyslomasi Oulussa kruunaa majoittuminen johonkin keskustan hotelleista tai Nallikariin meren \u00e4\u00e4rell\u00e4. Ota talteen syksyn majoitustarjoukset t\u00e4st\u00e4 artikkelista!<\/p>",
        "protected": false
    },
    "excerpt": {
        "rendered": "<p>Ruska-aika alkaa olla Pohjois-Suomessa parhaimmillaan, ja syyslomatkin kolkuttelevat jo ihan oven takana. Syksyinen Oulu hemmottelee niin luonnon kuin kulttuurin yst\u00e4vi\u00e4: kaupunki l\u00e4hiluontokohteineen on t\u00e4ynn\u00e4 erilaisia aktiviteetteja maastopy\u00f6r\u00e4ilyst\u00e4 melontaan, taidetta ja kulttuuritapahtumia sek\u00e4 tietysti tekemist\u00e4 lapsille! Syyslomasi Oulussa kruunaa majoittuminen johonkin keskustan hotelleista tai Nallikariin meren \u00e4\u00e4rell\u00e4. Ota talteen syksyn majoitustarjoukset t\u00e4st\u00e4 artikkelista! [&#8230;]<\/p>\n<p><a class=\"btn btn-secondary understrap-read-more-link\" href=\"https:\/\/visitoulufi-2025-10-14_10_27_17.test.cchosting.fi\/fi\/syksyn-majoitustarjoukset-ouluun-jopa-15-syyslomaoista\/\">Lue lis\u00e4\u00e4&#8230;<span class=\"screen-reader-text\"> from Syksyn majoitustarjoukset Ouluun: jopa -15% syysloma\u00f6ist\u00e4!<\/span><\/a><\/p>",
        "protected": false
    },
    "author": 16,
    "featured_media": 5745,
    "comment_status": "closed",
    "ping_status": "open",
    "sticky": false,
    "template": "",
    "format": "standard",
    "meta": {
        "_acf_changed": false,
        "content-type": "",
        "footnotes": ""
    },
    "categories": [
        112
    ],
    "tags": [],
    "coauthors": [
        170
    ],
    "class_list": [
        "post-5716",
        "post",
        "type-post",
        "status-publish",
        "format-standard",
        "has-post-thumbnail",
        "hentry",
        "category-majoitus"
    ],
    "acf": [],
    "yoast_head": "<!-- This site is optimized with the Yoast SEO plugin v26.0 - https:\/\/yoast.com\/wordpress\/plugins\/seo\/ -->\n<title>Syksyn majoitustarjoukset Ouluun: jopa -15% syysloma\u00f6ist\u00e4! - Visit Oulu<\/title>\n<meta name=\"robots\" content=\"index, follow, max-snippet:-1, max-image-preview:large, max-video-preview:-1\" \/>\n<link rel=\"canonical\" href=\"https:\/\/visitoulufi-2025-10-14_10_27_17.test.cchosting.fi\/fi\/syksyn-majoitustarjoukset-ouluun-jopa-15-syyslomaoista\/\" \/>\n<meta property=\"og:locale\" content=\"fi_FI\" \/>\n<meta property=\"og:type\" content=\"article\" \/>\n<meta property=\"og:title\" content=\"Syksyn majoitustarjoukset Ouluun: jopa -15% syysloma\u00f6ist\u00e4! - Visit Oulu\" \/>\n<meta property=\"og:description\" content=\"Ruska-aika alkaa olla Pohjois-Suomessa parhaimmillaan, ja syyslomatkin kolkuttelevat jo ihan oven takana. Syksyinen Oulu hemmottelee niin luonnon kuin kulttuurin yst\u00e4vi\u00e4: kaupunki l\u00e4hiluontokohteineen on t\u00e4ynn\u00e4 erilaisia aktiviteetteja maastopy\u00f6r\u00e4ilyst\u00e4 melontaan, taidetta ja kulttuuritapahtumia sek\u00e4 tietysti tekemist\u00e4 lapsille! Syyslomasi Oulussa kruunaa majoittuminen johonkin keskustan hotelleista tai Nallikariin meren \u00e4\u00e4rell\u00e4. Ota talteen syksyn majoitustarjoukset t\u00e4st\u00e4 artikkelista! [...]Lue lis\u00e4\u00e4... from Syksyn majoitustarjoukset Ouluun: jopa -15% syysloma\u00f6ist\u00e4!\" \/>\n<meta property=\"og:url\" content=\"https:\/\/visitoulufi-2025-10-14_10_27_17.test.cchosting.fi\/fi\/syksyn-majoitustarjoukset-ouluun-jopa-15-syyslomaoista\/\" \/>\n<meta property=\"og:site_name\" content=\"Visit Oulu\" \/>\n<meta property=\"article:published_time\" content=\"2023-09-28T09:18:54+00:00\" \/>\n<meta property=\"article:modified_time\" content=\"2023-09-28T09:22:36+00:00\" \/>\n<meta property=\"og:image\" content=\"https:\/\/visitoulufi-2025-10-14_10_27_17.test.cchosting.fi\/wp-content\/uploads\/2023\/09\/Poiju-Villa_syksy45.png\" \/>\n\t<meta property=\"og:image:width\" content=\"1024\" \/>\n\t<meta property=\"og:image:height\" content=\"768\" \/>\n\t<meta property=\"og:image:type\" content=\"image\/png\" \/>\n<meta name=\"author\" content=\"Martta Tervonen\" \/>\n<meta name=\"twitter:card\" content=\"summary_large_image\" \/>\n<meta name=\"twitter:label1\" content=\"Kirjoittanut\" \/>\n\t<meta name=\"twitter:data1\" content=\"Martta Tervonen\" \/>\n\t<meta name=\"twitter:label2\" content=\"Arvioitu lukuaika\" \/>\n\t<meta name=\"twitter:data2\" content=\"1 minuutti\" \/>\n\t<meta name=\"twitter:label3\" content=\"Written by\" \/>\n\t<meta name=\"twitter:data3\" content=\"Martta Tervonen\" \/>\n<script type=\"application\/ld+json\" class=\"yoast-schema-graph\">{\"@context\":\"https:\/\/schema.org\",\"@graph\":[{\"@type\":\"WebPage\",\"@id\":\"https:\/\/visitoulufi-2025-10-14_10_27_17.test.cchosting.fi\/syksyn-majoitustarjoukset-ouluun-jopa-15-syyslomaoista\/\",\"url\":\"https:\/\/visitoulufi-2025-10-14_10_27_17.test.cchosting.fi\/syksyn-majoitustarjoukset-ouluun-jopa-15-syyslomaoista\/\",\"name\":\"Syksyn majoitustarjoukset Ouluun: jopa -15% syysloma\u00f6ist\u00e4! - Visit Oulu\",\"isPartOf\":{\"@id\":\"https:\/\/visitoulufi-2025-10-14_10_27_17.test.cchosting.fi\/#website\"},\"primaryImageOfPage\":{\"@id\":\"https:\/\/visitoulufi-2025-10-14_10_27_17.test.cchosting.fi\/syksyn-majoitustarjoukset-ouluun-jopa-15-syyslomaoista\/#primaryimage\"},\"image\":{\"@id\":\"https:\/\/visitoulufi-2025-10-14_10_27_17.test.cchosting.fi\/syksyn-majoitustarjoukset-ouluun-jopa-15-syyslomaoista\/#primaryimage\"},\"thumbnailUrl\":\"https:\/\/visitoulufi-2025-10-14_10_27_17.test.cchosting.fi\/wp-content\/uploads\/2023\/09\/Poiju-Villa_syksy45.png\",\"datePublished\":\"2023-09-28T09:18:54+00:00\",\"dateModified\":\"2023-09-28T09:22:36+00:00\",\"author\":{\"@id\":\"https:\/\/visitoulufi-2025-10-14_10_27_17.test.cchosting.fi\/#\/schema\/person\/e4fa22cddd885815635ef576a4671ea5\"},\"breadcrumb\":{\"@id\":\"https:\/\/visitoulufi-2025-10-14_10_27_17.test.cchosting.fi\/syksyn-majoitustarjoukset-ouluun-jopa-15-syyslomaoista\/#breadcrumb\"},\"inLanguage\":\"fi\",\"potentialAction\":[{\"@type\":\"ReadAction\",\"target\":[\"https:\/\/visitoulufi-2025-10-14_10_27_17.test.cchosting.fi\/syksyn-majoitustarjoukset-ouluun-jopa-15-syyslomaoista\/\"]}]},{\"@type\":\"ImageObject\",\"inLanguage\":\"fi\",\"@id\":\"https:\/\/visitoulufi-2025-10-14_10_27_17.test.cchosting.fi\/syksyn-majoitustarjoukset-ouluun-jopa-15-syyslomaoista\/#primaryimage\",\"url\":\"https:\/\/visitoulufi-2025-10-14_10_27_17.test.cchosting.fi\/wp-content\/uploads\/2023\/09\/Poiju-Villa_syksy45.png\",\"contentUrl\":\"https:\/\/visitoulufi-2025-10-14_10_27_17.test.cchosting.fi\/wp-content\/uploads\/2023\/09\/Poiju-Villa_syksy45.png\",\"width\":1024,\"height\":768},{\"@type\":\"BreadcrumbList\",\"@id\":\"https:\/\/visitoulufi-2025-10-14_10_27_17.test.cchosting.fi\/syksyn-majoitustarjoukset-ouluun-jopa-15-syyslomaoista\/#breadcrumb\",\"itemListElement\":[{\"@type\":\"ListItem\",\"position\":1,\"name\":\"Etusivu\",\"item\":\"https:\/\/visitoulufi-2025-10-14_10_27_17.test.cchosting.fi\/\"},{\"@type\":\"ListItem\",\"position\":2,\"name\":\"Syksyn majoitustarjoukset Ouluun: jopa -15% syysloma\u00f6ist\u00e4!\"}]},{\"@type\":\"WebSite\",\"@id\":\"https:\/\/visitoulufi-2025-10-14_10_27_17.test.cchosting.fi\/#website\",\"url\":\"https:\/\/visitoulufi-2025-10-14_10_27_17.test.cchosting.fi\/\",\"name\":\"Visit Oulu\",\"description\":\"\",\"potentialAction\":[{\"@type\":\"SearchAction\",\"target\":{\"@type\":\"EntryPoint\",\"urlTemplate\":\"https:\/\/visitoulufi-2025-10-14_10_27_17.test.cchosting.fi\/?s={search_term_string}\"},\"query-input\":{\"@type\":\"PropertyValueSpecification\",\"valueRequired\":true,\"valueName\":\"search_term_string\"}}],\"inLanguage\":\"fi\"},{\"@type\":\"Person\",\"@id\":\"https:\/\/visitoulufi-2025-10-14_10_27_17.test.cchosting.fi\/#\/schema\/person\/e4fa22cddd885815635ef576a4671ea5\",\"name\":\"Martta Tervonen\",\"image\":{\"@type\":\"ImageObject\",\"inLanguage\":\"fi\",\"@id\":\"https:\/\/visitoulufi-2025-10-14_10_27_17.test.cchosting.fi\/#\/schema\/person\/image\/f7518900e54810cb0b6e210276371a2b\",\"url\":\"https:\/\/secure.gravatar.com\/avatar\/5d56cbcb037a03cd27f55c0d517ea5d960decae21472e09ed443ee49b54972e6?s=96&d=mm&r=g\",\"contentUrl\":\"https:\/\/secure.gravatar.com\/avatar\/5d56cbcb037a03cd27f55c0d517ea5d960decae21472e09ed443ee49b54972e6?s=96&d=mm&r=g\",\"caption\":\"Martta Tervonen\"},\"url\":\"https:\/\/visitoulufi-2025-10-14_10_27_17.test.cchosting.fi\/fi\/author\/martta\/\"}]}<\/script>\n<!-- \/ Yoast SEO plugin. -->",
    "yoast_head_json": {
        "title": "Syksyn majoitustarjoukset Ouluun: jopa -15% syysloma\u00f6ist\u00e4! - Visit Oulu",
        "robots": {
            "index": "index",
            "follow": "follow",
            "max-snippet": "max-snippet:-1",
            "max-image-preview": "max-image-preview:large",
            "max-video-preview": "max-video-preview:-1"
        },
        "canonical": "https:\/\/visitoulufi-2025-10-14_10_27_17.test.cchosting.fi\/fi\/syksyn-majoitustarjoukset-ouluun-jopa-15-syyslomaoista\/",
        "og_locale": "fi_FI",
        "og_type": "article",
        "og_title": "Syksyn majoitustarjoukset Ouluun: jopa -15% syysloma\u00f6ist\u00e4! - Visit Oulu",
        "og_description": "Ruska-aika alkaa olla Pohjois-Suomessa parhaimmillaan, ja syyslomatkin kolkuttelevat jo ihan oven takana. Syksyinen Oulu hemmottelee niin luonnon kuin kulttuurin yst\u00e4vi\u00e4: kaupunki l\u00e4hiluontokohteineen on t\u00e4ynn\u00e4 erilaisia aktiviteetteja maastopy\u00f6r\u00e4ilyst\u00e4 melontaan, taidetta ja kulttuuritapahtumia sek\u00e4 tietysti tekemist\u00e4 lapsille! Syyslomasi Oulussa kruunaa majoittuminen johonkin keskustan hotelleista tai Nallikariin meren \u00e4\u00e4rell\u00e4. Ota talteen syksyn majoitustarjoukset t\u00e4st\u00e4 artikkelista! [...]Lue lis\u00e4\u00e4... from Syksyn majoitustarjoukset Ouluun: jopa -15% syysloma\u00f6ist\u00e4!",
        "og_url": "https:\/\/visitoulufi-2025-10-14_10_27_17.test.cchosting.fi\/fi\/syksyn-majoitustarjoukset-ouluun-jopa-15-syyslomaoista\/",
        "og_site_name": "Visit Oulu",
        "article_published_time": "2023-09-28T09:18:54+00:00",
        "article_modified_time": "2023-09-28T09:22:36+00:00",
        "og_image": [
            {
                "width": 1024,
                "height": 768,
                "url": "https:\/\/visitoulufi-2025-10-14_10_27_17.test.cchosting.fi\/wp-content\/uploads\/2023\/09\/Poiju-Villa_syksy45.png",
                "type": "image\/png"
            }
        ],
        "author": "Martta Tervonen",
        "twitter_card": "summary_large_image",
        "twitter_misc": {
            "Kirjoittanut": "Martta Tervonen",
            "Arvioitu lukuaika": "1 minuutti",
            "Written by": "Martta Tervonen"
        },
        "schema": {
            "@context": "https:\/\/schema.org",
            "@graph": [
                {
                    "@type": "WebPage",
                    "@id": "https:\/\/visitoulufi-2025-10-14_10_27_17.test.cchosting.fi\/syksyn-majoitustarjoukset-ouluun-jopa-15-syyslomaoista\/",
                    "url": "https:\/\/visitoulufi-2025-10-14_10_27_17.test.cchosting.fi\/syksyn-majoitustarjoukset-ouluun-jopa-15-syyslomaoista\/",
                    "name": "Syksyn majoitustarjoukset Ouluun: jopa -15% syysloma\u00f6ist\u00e4! - Visit Oulu",
                    "isPartOf": {
                        "@id": "https:\/\/visitoulufi-2025-10-14_10_27_17.test.cchosting.fi\/#website"
                    },
                    "primaryImageOfPage": {
                        "@id": "https:\/\/visitoulufi-2025-10-14_10_27_17.test.cchosting.fi\/syksyn-majoitustarjoukset-ouluun-jopa-15-syyslomaoista\/#primaryimage"
                    },
                    "image": {
                        "@id": "https:\/\/visitoulufi-2025-10-14_10_27_17.test.cchosting.fi\/syksyn-majoitustarjoukset-ouluun-jopa-15-syyslomaoista\/#primaryimage"
                    },
                    "thumbnailUrl": "https:\/\/visitoulufi-2025-10-14_10_27_17.test.cchosting.fi\/wp-content\/uploads\/2023\/09\/Poiju-Villa_syksy45.png",
                    "datePublished": "2023-09-28T09:18:54+00:00",
                    "dateModified": "2023-09-28T09:22:36+00:00",
                    "author": {
                        "@id": "https:\/\/visitoulufi-2025-10-14_10_27_17.test.cchosting.fi\/#\/schema\/person\/e4fa22cddd885815635ef576a4671ea5"
                    },
                    "breadcrumb": {
                        "@id": "https:\/\/visitoulufi-2025-10-14_10_27_17.test.cchosting.fi\/syksyn-majoitustarjoukset-ouluun-jopa-15-syyslomaoista\/#breadcrumb"
                    },
                    "inLanguage": "fi",
                    "potentialAction": [
                        {
                            "@type": "ReadAction",
                            "target": [
                                "https:\/\/visitoulufi-2025-10-14_10_27_17.test.cchosting.fi\/syksyn-majoitustarjoukset-ouluun-jopa-15-syyslomaoista\/"
                            ]
                        }
                    ]
                },
                {
                    "@type": "ImageObject",
                    "inLanguage": "fi",
                    "@id": "https:\/\/visitoulufi-2025-10-14_10_27_17.test.cchosting.fi\/syksyn-majoitustarjoukset-ouluun-jopa-15-syyslomaoista\/#primaryimage",
                    "url": "https:\/\/visitoulufi-2025-10-14_10_27_17.test.cchosting.fi\/wp-content\/uploads\/2023\/09\/Poiju-Villa_syksy45.png",
                    "contentUrl": "https:\/\/visitoulufi-2025-10-14_10_27_17.test.cchosting.fi\/wp-content\/uploads\/2023\/09\/Poiju-Villa_syksy45.png",
                    "width": 1024,
                    "height": 768
                },
                {
                    "@type": "BreadcrumbList",
                    "@id": "https:\/\/visitoulufi-2025-10-14_10_27_17.test.cchosting.fi\/syksyn-majoitustarjoukset-ouluun-jopa-15-syyslomaoista\/#breadcrumb",
                    "itemListElement": [
                        {
                            "@type": "ListItem",
                            "position": 1,
                            "name": "Etusivu",
                            "item": "https:\/\/visitoulufi-2025-10-14_10_27_17.test.cchosting.fi\/"
                        },
                        {
                            "@type": "ListItem",
                            "position": 2,
                            "name": "Syksyn majoitustarjoukset Ouluun: jopa -15% syysloma\u00f6ist\u00e4!"
                        }
                    ]
                },
                {
                    "@type": "WebSite",
                    "@id": "https:\/\/visitoulufi-2025-10-14_10_27_17.test.cchosting.fi\/#website",
                    "url": "https:\/\/visitoulufi-2025-10-14_10_27_17.test.cchosting.fi\/",
                    "name": "Visit Oulu",
                    "description": "",
                    "potentialAction": [
                        {
                            "@type": "SearchAction",
                            "target": {
                                "@type": "EntryPoint",
                                "urlTemplate": "https:\/\/visitoulufi-2025-10-14_10_27_17.test.cchosting.fi\/?s={search_term_string}"
                            },
                            "query-input": {
                                "@type": "PropertyValueSpecification",
                                "valueRequired": true,
                                "valueName": "search_term_string"
                            }
                        }
                    ],
                    "inLanguage": "fi"
                },
                {
                    "@type": "Person",
                    "@id": "https:\/\/visitoulufi-2025-10-14_10_27_17.test.cchosting.fi\/#\/schema\/person\/e4fa22cddd885815635ef576a4671ea5",
                    "name": "Martta Tervonen",
                    "image": {
                        "@type": "ImageObject",
                        "inLanguage": "fi",
                        "@id": "https:\/\/visitoulufi-2025-10-14_10_27_17.test.cchosting.fi\/#\/schema\/person\/image\/f7518900e54810cb0b6e210276371a2b",
                        "url": "https:\/\/secure.gravatar.com\/avatar\/5d56cbcb037a03cd27f55c0d517ea5d960decae21472e09ed443ee49b54972e6?s=96&d=mm&r=g",
                        "contentUrl": "https:\/\/secure.gravatar.com\/avatar\/5d56cbcb037a03cd27f55c0d517ea5d960decae21472e09ed443ee49b54972e6?s=96&d=mm&r=g",
                        "caption": "Martta Tervonen"
                    },
                    "url": "https:\/\/visitoulufi-2025-10-14_10_27_17.test.cchosting.fi\/fi\/author\/martta\/"
                }
            ]
        }
    },
    "_links": {
        "self": [
            {
                "href": "https:\/\/visitoulufi-2025-10-14_10_27_17.test.cchosting.fi\/fi\/wp-json\/wp\/v2\/posts\/5716",
                "targetHints": {
                    "allow": [
                        "GET"
                    ]
                }
            }
        ],
        "collection": [
            {
                "href": "https:\/\/visitoulufi-2025-10-14_10_27_17.test.cchosting.fi\/fi\/wp-json\/wp\/v2\/posts"
            }
        ],
        "about": [
            {
                "href": "https:\/\/visitoulufi-2025-10-14_10_27_17.test.cchosting.fi\/fi\/wp-json\/wp\/v2\/types\/post"
            }
        ],
        "author": [
            {
                "embeddable": true,
                "href": "https:\/\/visitoulufi-2025-10-14_10_27_17.test.cchosting.fi\/fi\/wp-json\/wp\/v2\/users\/16"
            }
        ],
        "replies": [
            {
                "embeddable": true,
                "href": "https:\/\/visitoulufi-2025-10-14_10_27_17.test.cchosting.fi\/fi\/wp-json\/wp\/v2\/comments?post=5716"
            }
        ],
        "version-history": [
            {
                "count": 22,
                "href": "https:\/\/visitoulufi-2025-10-14_10_27_17.test.cchosting.fi\/fi\/wp-json\/wp\/v2\/posts\/5716\/revisions"
            }
        ],
        "predecessor-version": [
            {
                "id": 5756,
                "href": "https:\/\/visitoulufi-2025-10-14_10_27_17.test.cchosting.fi\/fi\/wp-json\/wp\/v2\/posts\/5716\/revisions\/5756"
            }
        ],
        "wp:featuredmedia": [
            {
                "embeddable": true,
                "href": "https:\/\/visitoulufi-2025-10-14_10_27_17.test.cchosting.fi\/fi\/wp-json\/wp\/v2\/media\/5745"
            }
        ],
        "wp:attachment": [
            {
                "href": "https:\/\/visitoulufi-2025-10-14_10_27_17.test.cchosting.fi\/fi\/wp-json\/wp\/v2\/media?parent=5716"
            }
        ],
        "wp:term": [
            {
                "taxonomy": "category",
                "embeddable": true,
                "href": "https:\/\/visitoulufi-2025-10-14_10_27_17.test.cchosting.fi\/fi\/wp-json\/wp\/v2\/categories?post=5716"
            },
            {
                "taxonomy": "post_tag",
                "embeddable": true,
                "href": "https:\/\/visitoulufi-2025-10-14_10_27_17.test.cchosting.fi\/fi\/wp-json\/wp\/v2\/tags?post=5716"
            },
            {
                "taxonomy": "author",
                "embeddable": true,
                "href": "https:\/\/visitoulufi-2025-10-14_10_27_17.test.cchosting.fi\/fi\/wp-json\/wp\/v2\/coauthors?post=5716"
            }
        ],
        "curies": [
            {
                "name": "wp",
                "href": "https:\/\/api.w.org\/{rel}",
                "templated": true
            }
        ]
    }
}